{"id":233,"date":"2017-03-20T16:16:00","date_gmt":"2017-03-20T16:16:00","guid":{"rendered":"http:\/\/www.tt-group.net\/slike\/?p=233"},"modified":"2017-03-20T16:16:00","modified_gmt":"2017-03-20T16:16:00","slug":"manastir-veluce","status":"publish","type":"post","link":"http:\/\/www.tt-group.net\/slike\/srbija\/manastir-veluce\/","title":{"rendered":"Manastir Velu\u0107e"},"content":{"rendered":"<p><strong>Manastir Velu\u0107e<\/strong> se nalazi kod istoimenog mesta, nedaleko od Trstenika i pripada Eparhiji kru\u0161eva\u010dkoj Srpske pravoslavne crkve.<\/p>\n<p>Manastir Velu\u0107e se danas nalazi pod za\u0161titom Republike Srbije, kao spomenik kulture od velikog zna\u010daja. Zadu\u017ebina je nepoznate porodice koja je pripadala vlasteli kneza Lazara (1371\u20141389), \u010diji su mu\u0161ki pripadnici najverovatnije poginuli u Kosovskom boju 1389. Smatra se da su mogli biti u rodbinskim odnosima sa samim Lazarom.<\/p>\n<figure style=\"width: 469px\" class=\"wp-caption aligncenter\"><img loading=\"lazy\" class=\"size-medium\" src=\"http:\/\/www.tt-group.net\/photos\/g2data\/albums\/Manastir-Veluce\/Manastir-Veluce.jpg\" alt=\"Idili\u010dna pozicija manastira\" width=\"469\" height=\"700\" \/><figcaption class=\"wp-caption-text\">Idili\u010dna pozicija manastira<\/figcaption><\/figure>\n<p>&nbsp;<\/p>\n<figure style=\"width: 800px\" class=\"wp-caption aligncenter\"><img loading=\"lazy\" class=\"size-medium\" src=\"http:\/\/www.tt-group.net\/photos\/g2data\/albums\/Manastir-Veluce\/Moravski-arhitektonski-stil.jpg\" alt=\"Apsida, Moravski arhitektonski stil\" width=\"800\" height=\"536\" \/><figcaption class=\"wp-caption-text\">Apsida, Moravski arhitektonski stil<\/figcaption><\/figure>\n<p>&nbsp;<\/p>\n<figure style=\"width: 800px\" class=\"wp-caption aligncenter\"><img loading=\"lazy\" class=\"size-medium\" src=\"http:\/\/www.tt-group.net\/photos\/g2data\/albums\/Manastir-Veluce\/Ulaz-u-Veluce.jpg\" alt=\"Ulaz u Velu\u0107e\" width=\"800\" height=\"536\" \/><figcaption class=\"wp-caption-text\">Ulaz u Velu\u0107e<\/figcaption><\/figure>\n<p>&nbsp;<\/p>\n<figure style=\"width: 800px\" class=\"wp-caption aligncenter\"><img loading=\"lazy\" class=\"size-medium\" src=\"http:\/\/www.tt-group.net\/photos\/g2data\/albums\/Manastir-Veluce\/Ulaz-u-crkvu-Veluce.jpg\" alt=\"Ki\u0161ni dan u manastiru\" width=\"800\" height=\"536\" \/><figcaption class=\"wp-caption-text\">Ki\u0161ni dan u manastiru<\/figcaption><\/figure>\n<p>&nbsp;<\/p>\n<figure style=\"width: 800px\" class=\"wp-caption aligncenter\"><img loading=\"lazy\" class=\"size-medium\" src=\"http:\/\/www.tt-group.net\/photos\/g2data\/albums\/Manastir-Veluce\/Veluce-crkva-03.jpg\" alt=\"Crkva manastira Velu\u0107a pripada Moravskoj \u0161koli i ima osnovu sa\u017eetog trikonhosa sa kvadratnim narteksom, kupolom sme\u0161tenom na lukovima koji po\u010divaju na pilastrima i apsidama, koje su sa unutra\u0161nje strane polukru\u017ene, a sa spolja\u0161nje petostrane. \" width=\"800\" height=\"536\" \/><figcaption class=\"wp-caption-text\">Crkva manastira Velu\u0107a pripada Moravskoj \u0161koli i ima osnovu sa\u017eetog trikonhosa sa kvadratnim narteksom, kupolom sme\u0161tenom na lukovima koji po\u010divaju na pilastrima i apsidama, koje su sa unutra\u0161nje strane polukru\u017ene, a sa spolja\u0161nje petostrane.<\/figcaption><\/figure>\n<p>&nbsp;<\/p>\n<figure style=\"width: 469px\" class=\"wp-caption aligncenter\"><img loading=\"lazy\" class=\"size-medium\" src=\"http:\/\/www.tt-group.net\/photos\/g2data\/albums\/Manastir-Veluce\/Veluce-groblje.jpg\" alt=\"Groblje iza crkve\" width=\"469\" height=\"700\" \/><figcaption class=\"wp-caption-text\">Groblje iza crkve<\/figcaption><\/figure>\n<p>&nbsp;<\/p>\n<figure style=\"width: 469px\" class=\"wp-caption aligncenter\"><img loading=\"lazy\" class=\"size-medium\" src=\"http:\/\/www.tt-group.net\/photos\/g2data\/albums\/Manastir-Veluce\/Zvonik-Veluce-2.jpg\" alt=\"Zvonik\" width=\"469\" height=\"700\" \/><figcaption class=\"wp-caption-text\">Zvonik<\/figcaption><\/figure>\n<p>&nbsp;<\/p>\n<figure style=\"width: 469px\" class=\"wp-caption aligncenter\"><img loading=\"lazy\" class=\"size-medium\" src=\"http:\/\/www.tt-group.net\/photos\/g2data\/albums\/Manastir-Veluce\/Zvonik-Veluce.jpg\" alt=\"Ure\u0111enost do perfekcije\" width=\"469\" height=\"700\" \/><figcaption class=\"wp-caption-text\">Ure\u0111enost do perfekcije<\/figcaption><\/figure>\n<p>&nbsp;<\/p>\n<figure style=\"width: 469px\" class=\"wp-caption aligncenter\"><img loading=\"lazy\" class=\"size-medium\" src=\"http:\/\/www.tt-group.net\/photos\/g2data\/albums\/Manastir-Veluce\/Konak-Veluce.jpg\" alt=\"Vegetacija manastirskog vrta\" width=\"469\" height=\"700\" \/><figcaption class=\"wp-caption-text\">Vegetacija manastirskog vrta<\/figcaption><\/figure>\n","protected":false},"excerpt":{"rendered":"<p>Manastir Velu\u0107e se nalazi kod istoimenog mesta, nedaleko od Trstenika i pripada Eparhiji kru\u0161eva\u010dkoj Srpske pravoslavne crkve. Manastir Velu\u0107e se danas nalazi pod za\u0161titom Republike Srbije, kao spomenik kulture od velikog zna\u010daja. Zadu\u017ebina je nepoznate porodice koja je pripadala vlasteli kneza Lazara (1371\u20141389), \u010diji su mu\u0161ki pripadnici najverovatnije poginuli u Kosovskom boju 1389. Smatra se [&hellip;]<\/p>\n","protected":false},"author":1,"featured_media":234,"comment_status":"open","ping_status":"open","sticky":false,"template":"","format":"standard","meta":[],"categories":[1],"tags":[14],"_links":{"self":[{"href":"http:\/\/www.tt-group.net\/slike\/wp-json\/wp\/v2\/posts\/233"}],"collection":[{"href":"http:\/\/www.tt-group.net\/slike\/wp-json\/wp\/v2\/posts"}],"about":[{"href":"http:\/\/www.tt-group.net\/slike\/wp-json\/wp\/v2\/types\/post"}],"author":[{"embeddable":true,"href":"http:\/\/www.tt-group.net\/slike\/wp-json\/wp\/v2\/users\/1"}],"replies":[{"embeddable":true,"href":"http:\/\/www.tt-group.net\/slike\/wp-json\/wp\/v2\/comments?post=233"}],"version-history":[{"count":1,"href":"http:\/\/www.tt-group.net\/slike\/wp-json\/wp\/v2\/posts\/233\/revisions"}],"predecessor-version":[{"id":235,"href":"http:\/\/www.tt-group.net\/slike\/wp-json\/wp\/v2\/posts\/233\/revisions\/235"}],"wp:featuredmedia":[{"embeddable":true,"href":"http:\/\/www.tt-group.net\/slike\/wp-json\/wp\/v2\/media\/234"}],"wp:attachment":[{"href":"http:\/\/www.tt-group.net\/slike\/wp-json\/wp\/v2\/media?parent=233"}],"wp:term":[{"taxonomy":"category","embeddable":true,"href":"http:\/\/www.tt-group.net\/slike\/wp-json\/wp\/v2\/categories?post=233"},{"taxonomy":"post_tag","embeddable":true,"href":"http:\/\/www.tt-group.net\/slike\/wp-json\/wp\/v2\/tags?post=233"}],"curies":[{"name":"wp","href":"https:\/\/api.w.org\/{rel}","templated":true}]}}