{"id":225,"date":"2017-03-20T15:14:52","date_gmt":"2017-03-20T15:14:52","guid":{"rendered":"http:\/\/www.tt-group.net\/slike\/?p=225"},"modified":"2017-03-20T15:14:52","modified_gmt":"2017-03-20T15:14:52","slug":"manastir-ravanica","status":"publish","type":"post","link":"http:\/\/www.tt-group.net\/slike\/srbija\/manastir-ravanica\/","title":{"rendered":"Manastir Ravanica"},"content":{"rendered":"<p>Ovo je galerija fotografija Ravanice. Manastir Ravanica nalazi se u podno\u017eju Ku\u010dajskih planina u Srbiji, pored sela Senje kod \u0106uprije.<\/p>\n<p><strong>Ravanica je zadu\u017ebina kneza Lazara<\/strong>, koji je poginuo u bici na Kosovu na Vidovdan, 28. juna 1389.<\/p>\n<p>Danas se u njoj nalaze mosti Svetog Cara Lazara. Glava se takodje nalazi u sarkofagu. Slusali smo pricu da po crkvenim kanonima na odredjenim danima, obicno na Vidovdan, otvara se sarkofag, a to rade samo visoki svestenici, na specijalnim liturgijama. Kruna jos uvek nije donesena iz Carigrada.<\/p>\n<p>Po svojim arhitektonskim i likovnim obele\u017ejima ravani\u010dka crkva predstavlja po\u010detak moravske \u0161kole. Motiv svetih ratnika koji se spremaju u boj je ovde naglasen, buduci da je gradjena u predkosovskom ciklusu, a freske su oslikane nekoliko godina pred Kosovsku bitku.<\/p>\n<p>Poznata je takodje i po \u010duvenoj vizantijskoj plavoj, za koju je u to vreme cena bila jednaka ceni zlata. Kilo boje kilo zlata.<\/p>\n<p>Danas su neke od fresaka jedva naziru, na primer, ktitorska kompozicija kneza Lazara i knjeginja Milice. Ovo se desava iz razloga sto je crkva nekoliko puta paljena u tursko vreme, a bila je i totalno napustena oko 30 godina posle velike seobe Srba. Jos na linku, <a href=\"http:\/\/www.tt-group.net\/forum\/viewtopic.php?t=1449\">o Manastiru Ravanici<\/a>.<\/p>\n<figure style=\"width: 469px\" class=\"wp-caption aligncenter\"><img loading=\"lazy\" class=\"size-medium\" src=\"http:\/\/www.tt-group.net\/photos\/g2data\/albums\/Slike-Manastira-Ravanice\/Crkva-u-Ravanici.jpg\" alt=\"Ravanica\" width=\"469\" height=\"700\" \/><figcaption class=\"wp-caption-text\">Ravanica<\/figcaption><\/figure>\n<p>&nbsp;<\/p>\n<figure style=\"width: 469px\" class=\"wp-caption aligncenter\"><img loading=\"lazy\" class=\"size-medium\" src=\"http:\/\/www.tt-group.net\/photos\/g2data\/albums\/Slike-Manastira-Ravanice\/Crkva-vaznesenja-Gospodnjeg.jpg\" alt=\"Crkva vaznesenja Gospodnjeg, apsida\" width=\"469\" height=\"700\" \/><figcaption class=\"wp-caption-text\">Crkva vaznesenja Gospodnjeg, apsida<\/figcaption><\/figure>\n<p>&nbsp;<\/p>\n<figure style=\"width: 800px\" class=\"wp-caption aligncenter\"><img loading=\"lazy\" class=\"size-medium\" src=\"http:\/\/www.tt-group.net\/photos\/g2data\/albums\/Slike-Manastira-Ravanice\/Konak-u-Ravanici.jpg\" alt=\"Konak u Ravanici\" width=\"800\" height=\"536\" \/><figcaption class=\"wp-caption-text\">Konak u Ravanici<\/figcaption><\/figure>\n<p>&nbsp;<\/p>\n<figure style=\"width: 469px\" class=\"wp-caption aligncenter\"><img loading=\"lazy\" class=\"size-medium\" src=\"http:\/\/www.tt-group.net\/photos\/g2data\/albums\/Slike-Manastira-Ravanice\/Ravanica-arhitektura.jpg\" alt=\"Arhitektura\" width=\"469\" height=\"700\" \/><figcaption class=\"wp-caption-text\">Arhitektura<\/figcaption><\/figure>\n<p>&nbsp;<\/p>\n<figure style=\"width: 469px\" class=\"wp-caption aligncenter\"><img loading=\"lazy\" class=\"size-medium\" src=\"http:\/\/www.tt-group.net\/photos\/g2data\/albums\/Slike-Manastira-Ravanice\/Ravanica-main.jpg\" alt=\"Cve\u0107e u manastirstkom komleksu\" width=\"469\" height=\"700\" \/><figcaption class=\"wp-caption-text\">Cve\u0107e u manastirstkom komleksu<\/figcaption><\/figure>\n<p>&nbsp;<\/p>\n<figure style=\"width: 800px\" class=\"wp-caption aligncenter\"><img loading=\"lazy\" class=\"size-medium\" src=\"http:\/\/www.tt-group.net\/photos\/g2data\/albums\/Slike-Manastira-Ravanice\/Ravanica.jpg\" alt=\"Panorama Ravanice\" width=\"800\" height=\"507\" \/><figcaption class=\"wp-caption-text\">Panorama Ravanice<\/figcaption><\/figure>\n<p>&nbsp;<\/p>\n<figure style=\"width: 800px\" class=\"wp-caption aligncenter\"><img loading=\"lazy\" class=\"size-medium\" src=\"http:\/\/www.tt-group.net\/photos\/g2data\/albums\/Slike-Manastira-Ravanice\/Ravanica-svestenik.jpg\" alt=\"Sve\u0161tenik\" width=\"800\" height=\"536\" \/><figcaption class=\"wp-caption-text\">Sve\u0161tenik<\/figcaption><\/figure>\n","protected":false},"excerpt":{"rendered":"<p>Ovo je galerija fotografija Ravanice. Manastir Ravanica nalazi se u podno\u017eju Ku\u010dajskih planina u Srbiji, pored sela Senje kod \u0106uprije. Ravanica je zadu\u017ebina kneza Lazara, koji je poginuo u bici na Kosovu na Vidovdan, 28. juna 1389. Danas se u njoj nalaze mosti Svetog Cara Lazara. Glava se takodje nalazi u sarkofagu. Slusali smo pricu [&hellip;]<\/p>\n","protected":false},"author":1,"featured_media":226,"comment_status":"open","ping_status":"open","sticky":false,"template":"","format":"standard","meta":[],"categories":[1],"tags":[14],"_links":{"self":[{"href":"http:\/\/www.tt-group.net\/slike\/wp-json\/wp\/v2\/posts\/225"}],"collection":[{"href":"http:\/\/www.tt-group.net\/slike\/wp-json\/wp\/v2\/posts"}],"about":[{"href":"http:\/\/www.tt-group.net\/slike\/wp-json\/wp\/v2\/types\/post"}],"author":[{"embeddable":true,"href":"http:\/\/www.tt-group.net\/slike\/wp-json\/wp\/v2\/users\/1"}],"replies":[{"embeddable":true,"href":"http:\/\/www.tt-group.net\/slike\/wp-json\/wp\/v2\/comments?post=225"}],"version-history":[{"count":1,"href":"http:\/\/www.tt-group.net\/slike\/wp-json\/wp\/v2\/posts\/225\/revisions"}],"predecessor-version":[{"id":227,"href":"http:\/\/www.tt-group.net\/slike\/wp-json\/wp\/v2\/posts\/225\/revisions\/227"}],"wp:featuredmedia":[{"embeddable":true,"href":"http:\/\/www.tt-group.net\/slike\/wp-json\/wp\/v2\/media\/226"}],"wp:attachment":[{"href":"http:\/\/www.tt-group.net\/slike\/wp-json\/wp\/v2\/media?parent=225"}],"wp:term":[{"taxonomy":"category","embeddable":true,"href":"http:\/\/www.tt-group.net\/slike\/wp-json\/wp\/v2\/categories?post=225"},{"taxonomy":"post_tag","embeddable":true,"href":"http:\/\/www.tt-group.net\/slike\/wp-json\/wp\/v2\/tags?post=225"}],"curies":[{"name":"wp","href":"https:\/\/api.w.org\/{rel}","templated":true}]}}