{"id":164,"date":"2017-03-19T14:46:35","date_gmt":"2017-03-19T14:46:35","guid":{"rendered":"http:\/\/www.tt-group.net\/slike\/?p=164"},"modified":"2017-03-21T01:10:37","modified_gmt":"2017-03-21T01:10:37","slug":"drvengrad-i-mecavnik","status":"publish","type":"post","link":"http:\/\/www.tt-group.net\/slike\/srbija\/drvengrad-i-mecavnik\/","title":{"rendered":"Drvengrad i Me\u0107avnik"},"content":{"rendered":"<p><strong>Genija odlikuje strahovita mo\u0107 imaginacije<\/strong>, vizualizacije, zapa\u017eanja i analiti\u010dnosti. Naravno bez upornosti i snala\u017eljivosti sve pada u vodu. Pogledajte u ovoj pri\u010di odli\u010dan primer kako se gore nabrojane osobine Emira Kusturice otelotvaraju u praksi i u jednoj nedo\u0111iji napravite takvu atrakciju o kojoj \u0107e sa u\u017eivanjem besediti D\u017eoni Dep, Maradona, Salma Hajek i td.<\/p>\n<p>Za to vreme u svom Drvengradu pored crkve, biblioteke, poslasti\u010dare, bioskopa i dvadesetak kojekavih ku\u0107ica u apsani \u010duvate D\u017eor\u017ea Bu\u0161a i Solanu.<\/p>\n<p>Ispod vas se okre\u0107e \u0160arganska osmica, povijaju zlatni borovi, al kao da ne\u0161to fali do perfekcije. Po na\u0161em skromnom mi\u0161ljenju to je let balonom. Vazdu\u0161ni prostor jo\u0161 uvek nije iskori\u0161\u0107en, a to je po svemu sude\u0107i plodno tle za neiscrpnu i nezaboravnu avanturu, pogotovu kad je re\u010d o najlep\u0161em delu Zapadne Srbije.<\/p>\n<p>Sama re\u010d <strong>Me\u0107avnik<\/strong>, verovatno poti\u010de usled jakog strujanja vazduha i me\u0107eva, pa \u0107e let balonom mo\u017eda sa\u010dekati bolju priliku &#8230; Do tada, svima onima koji planiraju svoj put u Drvengrad <strong>\u017eelimo sre\u0107e sa lepim vremenom<\/strong>! Par slika iz na\u0161eg objektiva.<\/p>\n<figure style=\"width: 700px\" class=\"wp-caption aligncenter\"><img loading=\"lazy\" class=\"size-medium\" src=\"http:\/\/www.tt-group.net\/photos\/g2data\/albums\/Drvengrad-i-Mecavnik\/Zapadna-Srbija.jpg\" alt=\"Zapadna Srbija, drvena arhitektura\" width=\"700\" height=\"469\" \/><figcaption class=\"wp-caption-text\">Zapadna Srbija, drvena arhitektura (Zapadna Srbija u jednoj slici)<\/figcaption><\/figure>\n<figure style=\"width: 700px\" class=\"wp-caption aligncenter\"><img loading=\"lazy\" class=\"size-medium\" src=\"http:\/\/www.tt-group.net\/photos\/g2data\/albums\/Drvengrad-i-Mecavnik\/Bioskop.jpg\" alt=\"\u010cuveni bioskop Drvengrada, pod nazivom Stenli Kjubrik\" width=\"700\" height=\"374\" \/><figcaption class=\"wp-caption-text\">\u010cuveni bioskop Drvengrada, pod nazivom Stenli Kjubrik<\/figcaption><\/figure>\n<figure style=\"width: 700px\" class=\"wp-caption aligncenter\"><img loading=\"lazy\" class=\"size-medium\" src=\"http:\/\/www.tt-group.net\/photos\/g2data\/albums\/Drvengrad-i-Mecavnik\/Drvena-kucica.jpg\" alt=\"Drvena ku\u0107ica na ki\u0161i\" width=\"700\" height=\"469\" \/><figcaption class=\"wp-caption-text\">Drvena ku\u0107ica na ki\u0161i<\/figcaption><\/figure>\n<figure style=\"width: 700px\" class=\"wp-caption aligncenter\"><img loading=\"lazy\" class=\"size-medium\" src=\"http:\/\/www.tt-group.net\/photos\/g2data\/albums\/Drvengrad-i-Mecavnik\/Drvengradski-Trg.jpg\" alt=\"Drvengradski Trg\" width=\"700\" height=\"469\" \/><figcaption class=\"wp-caption-text\">Drvengradski Trg<\/figcaption><\/figure>\n<figure style=\"width: 700px\" class=\"wp-caption aligncenter\"><img loading=\"lazy\" class=\"size-medium\" src=\"http:\/\/www.tt-group.net\/photos\/g2data\/albums\/Drvengrad-i-Mecavnik\/Gradski-zatvor.jpg\" alt=\"Gradski zatvor\" width=\"700\" height=\"469\" \/><figcaption class=\"wp-caption-text\">Gradski zatvor<\/figcaption><\/figure>\n<figure style=\"width: 700px\" class=\"wp-caption aligncenter\"><img loading=\"lazy\" class=\"size-medium\" src=\"http:\/\/www.tt-group.net\/photos\/g2data\/albums\/Drvengrad-i-Mecavnik\/Hotel-na-Drvengradu.jpg\" alt=\"Hotel na Drvengradu\" width=\"700\" height=\"469\" \/><figcaption class=\"wp-caption-text\">Hotel na Drvengradu<\/figcaption><\/figure>\n<figure style=\"width: 700px\" class=\"wp-caption aligncenter\"><img loading=\"lazy\" class=\"size-medium\" src=\"http:\/\/www.tt-group.net\/photos\/g2data\/albums\/Drvengrad-i-Mecavnik\/Mokra-gora.jpg\" alt=\"Mokra gora\" width=\"700\" height=\"469\" \/><figcaption class=\"wp-caption-text\">Mokra gora,\u00a0sad shvatate za\u0161to se ovako zove<\/figcaption><\/figure>\n<figure style=\"width: 700px\" class=\"wp-caption aligncenter\"><img loading=\"lazy\" class=\"size-medium\" src=\"http:\/\/www.tt-group.net\/photos\/g2data\/albums\/Drvengrad-i-Mecavnik\/Ulica-Nikole-Tesle.jpg\" alt=\"Ulica Nikole Tesle\" width=\"700\" height=\"469\" \/><figcaption class=\"wp-caption-text\">Ulica Nikole Tesle<\/figcaption><\/figure>\n<figure style=\"width: 700px\" class=\"wp-caption aligncenter\"><img loading=\"lazy\" class=\"size-medium\" src=\"http:\/\/www.tt-group.net\/photos\/g2data\/albums\/Drvengrad-i-Mecavnik\/Kuca-na-Drvengradu.jpg\" alt=\"Ku\u0107a u Drvengradu\" width=\"700\" height=\"424\" \/><figcaption class=\"wp-caption-text\">Ku\u0107a u Drvengradu<\/figcaption><\/figure>\n<figure style=\"width: 700px\" class=\"wp-caption aligncenter\"><img loading=\"lazy\" class=\"size-medium\" src=\"http:\/\/www.tt-group.net\/photos\/g2data\/albums\/Drvengrad-i-Mecavnik\/Crkva-Svetog-Save.jpg\" alt=\"Crkva Svetog Save i drveni zvonik Me\u0107avnika.\" width=\"700\" height=\"469\" \/><figcaption class=\"wp-caption-text\">Crkva Svetog Save i drveni zvonik Me\u0107avnika.<\/figcaption><\/figure>\n<figure style=\"width: 700px\" class=\"wp-caption aligncenter\"><img loading=\"lazy\" class=\"size-medium\" src=\"http:\/\/www.tt-group.net\/photos\/g2data\/albums\/Drvengrad-i-Mecavnik\/Crni-Oldtajmer.jpg\" alt=\"Crni Oldtajmer, parkiran u ulici Nikole Tesle u Drvengradu\" width=\"700\" height=\"447\" \/><figcaption class=\"wp-caption-text\">Crni Oldtajmer, parkiran u ulici Nikole Tesle u Drvengradu<\/figcaption><\/figure>\n<p>&nbsp;<\/p>\n","protected":false},"excerpt":{"rendered":"<p>Genija odlikuje strahovita mo\u0107 imaginacije, vizualizacije, zapa\u017eanja i analiti\u010dnosti. Naravno bez upornosti i snala\u017eljivosti sve pada u vodu. Pogledajte u ovoj pri\u010di odli\u010dan primer kako se gore nabrojane osobine Emira Kusturice otelotvaraju u praksi i u jednoj nedo\u0111iji napravite takvu atrakciju o kojoj \u0107e sa u\u017eivanjem besediti D\u017eoni Dep, Maradona, Salma Hajek i td. Za [&hellip;]<\/p>\n","protected":false},"author":1,"featured_media":165,"comment_status":"open","ping_status":"open","sticky":false,"template":"","format":"standard","meta":[],"categories":[1],"tags":[18],"_links":{"self":[{"href":"http:\/\/www.tt-group.net\/slike\/wp-json\/wp\/v2\/posts\/164"}],"collection":[{"href":"http:\/\/www.tt-group.net\/slike\/wp-json\/wp\/v2\/posts"}],"about":[{"href":"http:\/\/www.tt-group.net\/slike\/wp-json\/wp\/v2\/types\/post"}],"author":[{"embeddable":true,"href":"http:\/\/www.tt-group.net\/slike\/wp-json\/wp\/v2\/users\/1"}],"replies":[{"embeddable":true,"href":"http:\/\/www.tt-group.net\/slike\/wp-json\/wp\/v2\/comments?post=164"}],"version-history":[{"count":1,"href":"http:\/\/www.tt-group.net\/slike\/wp-json\/wp\/v2\/posts\/164\/revisions"}],"predecessor-version":[{"id":166,"href":"http:\/\/www.tt-group.net\/slike\/wp-json\/wp\/v2\/posts\/164\/revisions\/166"}],"wp:featuredmedia":[{"embeddable":true,"href":"http:\/\/www.tt-group.net\/slike\/wp-json\/wp\/v2\/media\/165"}],"wp:attachment":[{"href":"http:\/\/www.tt-group.net\/slike\/wp-json\/wp\/v2\/media?parent=164"}],"wp:term":[{"taxonomy":"category","embeddable":true,"href":"http:\/\/www.tt-group.net\/slike\/wp-json\/wp\/v2\/categories?post=164"},{"taxonomy":"post_tag","embeddable":true,"href":"http:\/\/www.tt-group.net\/slike\/wp-json\/wp\/v2\/tags?post=164"}],"curies":[{"name":"wp","href":"https:\/\/api.w.org\/{rel}","templated":true}]}}