{"id":139,"date":"2017-03-18T16:02:43","date_gmt":"2017-03-18T16:02:43","guid":{"rendered":"http:\/\/www.tt-group.net\/slike\/?p=139"},"modified":"2017-03-21T01:10:42","modified_gmt":"2017-03-21T01:10:42","slug":"dragovita","status":"publish","type":"post","link":"http:\/\/www.tt-group.net\/slike\/srbija\/dragovita\/","title":{"rendered":"Zlatna Dragovita &#8211; slike"},"content":{"rendered":"<p align=\"left\">Ovo je foto pri\u010da <strong>o malom planinskom selu velikih ljudi<\/strong>. Dalo je puno profesora, umetnika, in\u017eenjera, direktora, iznedrilo narodnog poslanika. Govorili se vicevi, al pisale i knjige. Telefon i struja su do\u0161li odavno u planinu, al ljudi oti\u0161li. Danas, u zimskom periodu jedva da broji dvocifren broj stanovnika. Al, ne daje se selo, i dalje \u017eivi. Seoska \u0161kola radi.<\/p>\n<p align=\"left\">Nekada je bila poznata po proizvodnji maline, sada jedva da se mo\u017ee na\u0107i malo sira i po koja ljuta. Lovci su \u010desti gosti.<\/p>\n<p align=\"left\"><strong>Dragovi\u010danje<\/strong>, \u017eitelji ovog sela \u00a0je iz milo\u0161te nazivaju <strong>Zlatnom<\/strong>.<\/p>\n<p align=\"left\">Pogledajte ovu pri\u010du!<\/p>\n<p align=\"left\">Nastavi\u0107e se.<\/p>\n<figure style=\"width: 700px\" class=\"wp-caption aligncenter\"><img loading=\"lazy\" class=\"size-medium\" src=\"http:\/\/www.tt-group.net\/photos\/g2data\/albums\/Dragovita\/Dragovita.jpg\" alt=\"Selo Dragovita\" width=\"700\" height=\"469\" \/><figcaption class=\"wp-caption-text\">Selo Dragovita<\/figcaption><\/figure>\n<p>&nbsp;<\/p>\n<figure style=\"width: 469px\" class=\"wp-caption aligncenter\"><img loading=\"lazy\" class=\"size-medium\" src=\"http:\/\/www.tt-group.net\/photos\/g2data\/albums\/Dragovita\/Drven-Ambar.jpg\" alt=\"Drven ambar, pomo\u0107na zgrada za \u010duvanje useva.\" width=\"469\" height=\"700\" \/><figcaption class=\"wp-caption-text\">Drven ambar, pomo\u0107na zgrada za \u010duvanje useva.<\/figcaption><\/figure>\n<p>&nbsp;<\/p>\n<figure style=\"width: 700px\" class=\"wp-caption aligncenter\"><img loading=\"lazy\" class=\"size-medium\" src=\"http:\/\/www.tt-group.net\/photos\/g2data\/albums\/Dragovita\/Gavran-Kamik.jpg\" alt=\"Gavran Kamik, ili kamen gavrana je kamenito brdo u Dragoviti\" width=\"700\" height=\"469\" \/><figcaption class=\"wp-caption-text\">Gavran Kamik, ili kamen gavrana je kamenito brdo u Dragoviti<\/figcaption><\/figure>\n<p>&nbsp;<\/p>\n<figure style=\"width: 469px\" class=\"wp-caption aligncenter\"><img loading=\"lazy\" class=\"size-medium\" src=\"http:\/\/www.tt-group.net\/photos\/g2data\/albums\/Dragovita\/Gavranov-kamik.jpg\" alt=\"Gavranov kamik, brdo u selu Dragovita\" width=\"469\" height=\"700\" \/><figcaption class=\"wp-caption-text\">Gavranov kamik, brdo u selu Dragovita<\/figcaption><\/figure>\n<p>&nbsp;<\/p>\n<figure style=\"width: 469px\" class=\"wp-caption aligncenter\"><img loading=\"lazy\" class=\"size-medium\" src=\"http:\/\/www.tt-group.net\/photos\/g2data\/albums\/Dragovita\/Gnila-Krusa.jpg\" alt=\"Gnila Kru\u0161a ili u prevodu na srpski kru\u0161ka koja je prezrela.\" width=\"469\" height=\"700\" \/><figcaption class=\"wp-caption-text\">Gnila Kru\u0161a ili u prevodu na srpski kru\u0161ka koja je prezrela.<\/figcaption><\/figure>\n<p>&nbsp;<\/p>\n<figure style=\"width: 700px\" class=\"wp-caption aligncenter\"><img loading=\"lazy\" class=\"size-medium\" src=\"http:\/\/www.tt-group.net\/photos\/g2data\/albums\/Dragovita\/Greben.jpg\" alt=\"Planina Greben, izazov mnogim planinarima\" width=\"700\" height=\"469\" \/><figcaption class=\"wp-caption-text\">Planina Greben, izazov mnogim planinarima<\/figcaption><\/figure>\n<p>&nbsp;<\/p>\n<figure style=\"width: 700px\" class=\"wp-caption aligncenter\"><img loading=\"lazy\" class=\"size-medium\" src=\"http:\/\/www.tt-group.net\/photos\/g2data\/albums\/Dragovita\/Mejavica.jpg\" alt=\"Brdo Mejavica\" width=\"700\" height=\"469\" \/><figcaption class=\"wp-caption-text\">Brdo Mejavica<\/figcaption><\/figure>\n<p>&nbsp;<\/p>\n<figure style=\"width: 700px\" class=\"wp-caption aligncenter\"><img loading=\"lazy\" class=\"size-medium\" src=\"http:\/\/www.tt-group.net\/photos\/g2data\/albums\/Dragovita\/Plevnja.jpg\" alt=\"Plevnja, pomo\u0107na zgrada za \u010duvanje sena i slame, tj. pleve.\" width=\"700\" height=\"469\" \/><figcaption class=\"wp-caption-text\">Plevnja, pomo\u0107na zgrada za \u010duvanje sena i slame, tj. pleve.<\/figcaption><\/figure>\n<p>&nbsp;<\/p>\n<figure style=\"width: 700px\" class=\"wp-caption aligncenter\"><img loading=\"lazy\" class=\"size-medium\" src=\"http:\/\/www.tt-group.net\/photos\/g2data\/albums\/Dragovita\/Pored-puta.jpg\" alt=\"Pored puta, sasvim obi\u010dan kadar iz sela.\" width=\"700\" height=\"469\" \/><figcaption class=\"wp-caption-text\">Pored puta, sasvim obi\u010dan kadar iz sela.<\/figcaption><\/figure>\n<p>&nbsp;<\/p>\n<figure style=\"width: 700px\" class=\"wp-caption aligncenter\"><img loading=\"lazy\" class=\"size-medium\" src=\"http:\/\/www.tt-group.net\/photos\/g2data\/albums\/Dragovita\/Skola-u-Dragoviti.jpg\" alt=\"\u0160kola u Dragoviti i danas radi.\" width=\"700\" height=\"469\" \/><figcaption class=\"wp-caption-text\">\u0160kola u Dragoviti i danas radi.<\/figcaption><\/figure>\n<p>&nbsp;<\/p>\n<figure style=\"width: 700px\" class=\"wp-caption aligncenter\"><img loading=\"lazy\" class=\"size-medium\" src=\"http:\/\/www.tt-group.net\/photos\/g2data\/albums\/Dragovita\/Stara-Coska.jpg\" alt=\"Stara \u0106o\u0161ka, igra re\u010di u prolazu.\" width=\"700\" height=\"469\" \/><figcaption class=\"wp-caption-text\">Stara \u0106o\u0161ka, igra re\u010di u prolazu.<\/figcaption><\/figure>\n<p>&nbsp;<\/p>\n<figure style=\"width: 700px\" class=\"wp-caption aligncenter\"><img loading=\"lazy\" class=\"size-medium\" src=\"http:\/\/www.tt-group.net\/photos\/g2data\/albums\/Dragovita\/Zadruga-Dragovita.jpg\" alt=\"Zadruga ili sred selo, u selu Dragovita\" width=\"700\" height=\"469\" \/><figcaption class=\"wp-caption-text\">Zadruga ili sred selo, u selu Dragovita<\/figcaption><\/figure>\n<p>&nbsp;<\/p>\n<figure style=\"width: 700px\" class=\"wp-caption aligncenter\"><img loading=\"lazy\" class=\"size-medium\" src=\"http:\/\/www.tt-group.net\/photos\/g2data\/albums\/Dragovita\/Zlatna-Dragovita.jpg\" alt=\"Zlatna Dragovita\" width=\"700\" height=\"469\" \/><figcaption class=\"wp-caption-text\">Zlatna Dragovita<\/figcaption><\/figure>\n","protected":false},"excerpt":{"rendered":"<p>Ovo je foto pri\u010da o malom planinskom selu velikih ljudi. Dalo je puno profesora, umetnika, in\u017eenjera, direktora, iznedrilo narodnog poslanika. Govorili se vicevi, al pisale i knjige. Telefon i struja su do\u0161li odavno u planinu, al ljudi oti\u0161li. Danas, u zimskom periodu jedva da broji dvocifren broj stanovnika. Al, ne daje se selo, i dalje [&hellip;]<\/p>\n","protected":false},"author":1,"featured_media":140,"comment_status":"open","ping_status":"open","sticky":false,"template":"","format":"standard","meta":[],"categories":[1],"tags":[18],"_links":{"self":[{"href":"http:\/\/www.tt-group.net\/slike\/wp-json\/wp\/v2\/posts\/139"}],"collection":[{"href":"http:\/\/www.tt-group.net\/slike\/wp-json\/wp\/v2\/posts"}],"about":[{"href":"http:\/\/www.tt-group.net\/slike\/wp-json\/wp\/v2\/types\/post"}],"author":[{"embeddable":true,"href":"http:\/\/www.tt-group.net\/slike\/wp-json\/wp\/v2\/users\/1"}],"replies":[{"embeddable":true,"href":"http:\/\/www.tt-group.net\/slike\/wp-json\/wp\/v2\/comments?post=139"}],"version-history":[{"count":1,"href":"http:\/\/www.tt-group.net\/slike\/wp-json\/wp\/v2\/posts\/139\/revisions"}],"predecessor-version":[{"id":142,"href":"http:\/\/www.tt-group.net\/slike\/wp-json\/wp\/v2\/posts\/139\/revisions\/142"}],"wp:featuredmedia":[{"embeddable":true,"href":"http:\/\/www.tt-group.net\/slike\/wp-json\/wp\/v2\/media\/140"}],"wp:attachment":[{"href":"http:\/\/www.tt-group.net\/slike\/wp-json\/wp\/v2\/media?parent=139"}],"wp:term":[{"taxonomy":"category","embeddable":true,"href":"http:\/\/www.tt-group.net\/slike\/wp-json\/wp\/v2\/categories?post=139"},{"taxonomy":"post_tag","embeddable":true,"href":"http:\/\/www.tt-group.net\/slike\/wp-json\/wp\/v2\/tags?post=139"}],"curies":[{"name":"wp","href":"https:\/\/api.w.org\/{rel}","templated":true}]}}