{"id":122,"date":"2017-03-18T14:51:03","date_gmt":"2017-03-18T14:51:03","guid":{"rendered":"http:\/\/www.tt-group.net\/slike\/?p=122"},"modified":"2017-03-18T14:51:03","modified_gmt":"2017-03-18T14:51:03","slug":"crkva-rodjenja-jovana-krstitelja-vucje","status":"publish","type":"post","link":"http:\/\/www.tt-group.net\/slike\/srbija\/crkva-rodjenja-jovana-krstitelja-vucje\/","title":{"rendered":"Crkva ro\u0111enja Jovana Krstitelja u Vu\u010dju &#8211; galerija fotografija"},"content":{"rendered":"<p>Malo mesto biser dalo. I to ne jedno nego nekoliko. Poseta Vu\u010dju, nalik je odlazak u vremena kad re\u010d ekologija nije postojala. Nateknuta priroda, sa ose\u0107ajem povratka u neka stara dobra vremena. Vu\u010dje je obra\u0111eno <strong><a href=\"http:\/\/www.tt-group.net\/video\/vucjanka-dokini-virovi-i-skobaljic-grad\/\"><span class=\"style1\">ovde<\/span><\/a><\/strong>, a sada par slika <strong>Crkve ro\u0111enja Jovana Krstitelja<\/strong>.<\/p>\n<p>U neverovatnom ambijentalnom okru\u017eenju, <strong>poplo\u010dana kamenom<\/strong>, \u010duva marljivo duh ovog mesta.<\/p>\n<p>Arhitektonsko re\u0161enje je Grigorija Samojlova. Po legendi podignuta je na temeljima stare crkve iz vremena <strong>Nikole Skobalji\u0107a<\/strong>. Nikola Skoblji\u0107 je verovatno poslednji srpski velmo\u017ea koji je pao pod turskom vla\u0161\u0107u.<\/p>\n<figure style=\"width: 600px\" class=\"wp-caption aligncenter\"><img loading=\"lazy\" class=\"size-medium\" src=\"http:\/\/www.tt-group.net\/photos\/g2data\/albums\/Crkva-Jovana-Krstitelja-u-Vucju\/Crkva-Vucje.jpg\" width=\"600\" height=\"906\" \/><figcaption class=\"wp-caption-text\">Portret crkve<\/figcaption><\/figure>\n<p>&nbsp;<\/p>\n<figure style=\"width: 600px\" class=\"wp-caption aligncenter\"><img loading=\"lazy\" class=\"size-medium\" src=\"http:\/\/www.tt-group.net\/photos\/g2data\/albums\/Crkva-Jovana-Krstitelja-u-Vucju\/Kameni-Hodnik.jpg\" alt=\"Kameni hodnik\" width=\"600\" height=\"906\" \/><figcaption class=\"wp-caption-text\">Kameni hodnik<\/figcaption><\/figure>\n<p>&nbsp;<\/p>\n<figure style=\"width: 600px\" class=\"wp-caption aligncenter\"><img loading=\"lazy\" class=\"size-medium\" src=\"http:\/\/www.tt-group.net\/photos\/g2data\/albums\/Crkva-Jovana-Krstitelja-u-Vucju\/Kameni-zvonik.jpg\" alt=\"Kameni zvonik\" width=\"600\" height=\"906\" \/><figcaption class=\"wp-caption-text\">Kameni zvonik<\/figcaption><\/figure>\n<p>&nbsp;<\/p>\n","protected":false},"excerpt":{"rendered":"<p>Malo mesto biser dalo. I to ne jedno nego nekoliko. Poseta Vu\u010dju, nalik je odlazak u vremena kad re\u010d ekologija nije postojala. Nateknuta priroda, sa ose\u0107ajem povratka u neka stara dobra vremena. Vu\u010dje je obra\u0111eno ovde, a sada par slika Crkve ro\u0111enja Jovana Krstitelja. U neverovatnom ambijentalnom okru\u017eenju, poplo\u010dana kamenom, \u010duva marljivo duh ovog mesta. [&hellip;]<\/p>\n","protected":false},"author":1,"featured_media":123,"comment_status":"open","ping_status":"open","sticky":false,"template":"","format":"standard","meta":[],"categories":[1],"tags":[12],"_links":{"self":[{"href":"http:\/\/www.tt-group.net\/slike\/wp-json\/wp\/v2\/posts\/122"}],"collection":[{"href":"http:\/\/www.tt-group.net\/slike\/wp-json\/wp\/v2\/posts"}],"about":[{"href":"http:\/\/www.tt-group.net\/slike\/wp-json\/wp\/v2\/types\/post"}],"author":[{"embeddable":true,"href":"http:\/\/www.tt-group.net\/slike\/wp-json\/wp\/v2\/users\/1"}],"replies":[{"embeddable":true,"href":"http:\/\/www.tt-group.net\/slike\/wp-json\/wp\/v2\/comments?post=122"}],"version-history":[{"count":1,"href":"http:\/\/www.tt-group.net\/slike\/wp-json\/wp\/v2\/posts\/122\/revisions"}],"predecessor-version":[{"id":124,"href":"http:\/\/www.tt-group.net\/slike\/wp-json\/wp\/v2\/posts\/122\/revisions\/124"}],"wp:featuredmedia":[{"embeddable":true,"href":"http:\/\/www.tt-group.net\/slike\/wp-json\/wp\/v2\/media\/123"}],"wp:attachment":[{"href":"http:\/\/www.tt-group.net\/slike\/wp-json\/wp\/v2\/media?parent=122"}],"wp:term":[{"taxonomy":"category","embeddable":true,"href":"http:\/\/www.tt-group.net\/slike\/wp-json\/wp\/v2\/categories?post=122"},{"taxonomy":"post_tag","embeddable":true,"href":"http:\/\/www.tt-group.net\/slike\/wp-json\/wp\/v2\/tags?post=122"}],"curies":[{"name":"wp","href":"https:\/\/api.w.org\/{rel}","templated":true}]}}